{"id":621,"date":"2024-06-02T07:58:39","date_gmt":"2024-06-02T07:58:39","guid":{"rendered":"https:\/\/www.themostbeautifulofourdays.eu\/?p=621"},"modified":"2024-06-11T12:18:38","modified_gmt":"2024-06-11T12:18:38","slug":"the-most-beautiful-of-our-days-der-schonste-unserer-tage","status":"publish","type":"post","link":"https:\/\/www.themostbeautifulofourdays.eu\/de\/eventi\/the-most-beautiful-of-our-days-der-schonste-unserer-tage\/","title":{"rendered":"DER SCH\u00d6NSTE UNSERER TAGE: Eine Bildungsgeschichte aus Reggio Emilia"},"content":{"rendered":"<p>THE MOST BEAUTIFUL OF OUR DAYS \u2013 DER SCH\u00d6NSTE UNSERER TAGE <br>Eine Bildungsgeschichte aus Reggio Emilia<\/p>\n\n\n\n<p>Venerd\u00ec 21 giugno 2024, ore 19:00<br>Infoladen Sophie<br>Sophienstr. 94, 91052 <strong>Erlangen<\/strong><\/p>\n\n\n\n<p>Die Teilnahme ist kostenlos<\/p>\n\n\n\n<p>Reggio Emilia ist eine italienische Stadt in der Region Emilia-Romagna mit den \u201esch\u00f6nsten Krippen und Kinderg\u00e4rten der Welt\u201c. Doch wo hat die weltweit beachtete P\u00e4dagogik ihren Ursprung? Was hat sie mit dem Widerstand von Frauen gegen den italienischen Faschismus und die deutsche Besatzung in Italien zu tun? Antworten auf diese Fragen bietet ein Projekt, das wir in einer Veranstaltung vorstellen m\u00f6chten. Die Macher*innen berichten \u00fcber die Entstehung und wir wollen gemeinsam ins Gespr\u00e4ch kommen: \u00dcber progressive P\u00e4dagogik\nund \u00fcber das aktive Engagement von Frauen f\u00fcr demokratische und integrative Werte, das auch nach 80 Jahren nichts von seiner Bedeutung verloren hat.<\/p>\n\n\n\n<figure class=\"wp-block-image size-full\"><img loading=\"lazy\" decoding=\"async\" width=\"635\" height=\"895\" src=\"https:\/\/www.themostbeautifulofourdays.eu\/wp-content\/uploads\/2024\/06\/Evento_germania21_1.png\" alt=\"\" class=\"wp-image-696\" srcset=\"https:\/\/www.themostbeautifulofourdays.eu\/wp-content\/uploads\/2024\/06\/Evento_germania21_1.png 635w, https:\/\/www.themostbeautifulofourdays.eu\/wp-content\/uploads\/2024\/06\/Evento_germania21_1-213x300.png 213w, https:\/\/www.themostbeautifulofourdays.eu\/wp-content\/uploads\/2024\/06\/Evento_germania21_1-85x120.png 85w, https:\/\/www.themostbeautifulofourdays.eu\/wp-content\/uploads\/2024\/06\/Evento_germania21_1-9x12.png 9w\" sizes=\"auto, (max-width: 635px) 100vw, 635px\" \/><\/figure>","protected":false},"excerpt":{"rendered":"<p>Freitag, 21.06.2024, 19 Uhr<br \/>\nInfoladen Sophie<br \/>\nSophienstr. 94, 91052 Erlangen<\/p>\n<p>Die Teilnahme ist kostenlos<\/p>","protected":false},"author":2,"featured_media":699,"comment_status":"closed","ping_status":"closed","sticky":false,"template":"","format":"standard","meta":{"inline_featured_image":false,"footnotes":""},"categories":[22],"tags":[],"class_list":["post-621","post","type-post","status-publish","format-standard","has-post-thumbnail","hentry","category-eventi"],"_links":{"self":[{"href":"https:\/\/www.themostbeautifulofourdays.eu\/de\/wp-json\/wp\/v2\/posts\/621","targetHints":{"allow":["GET"]}}],"collection":[{"href":"https:\/\/www.themostbeautifulofourdays.eu\/de\/wp-json\/wp\/v2\/posts"}],"about":[{"href":"https:\/\/www.themostbeautifulofourdays.eu\/de\/wp-json\/wp\/v2\/types\/post"}],"author":[{"embeddable":true,"href":"https:\/\/www.themostbeautifulofourdays.eu\/de\/wp-json\/wp\/v2\/users\/2"}],"replies":[{"embeddable":true,"href":"https:\/\/www.themostbeautifulofourdays.eu\/de\/wp-json\/wp\/v2\/comments?post=621"}],"version-history":[{"count":7,"href":"https:\/\/www.themostbeautifulofourdays.eu\/de\/wp-json\/wp\/v2\/posts\/621\/revisions"}],"predecessor-version":[{"id":701,"href":"https:\/\/www.themostbeautifulofourdays.eu\/de\/wp-json\/wp\/v2\/posts\/621\/revisions\/701"}],"wp:featuredmedia":[{"embeddable":true,"href":"https:\/\/www.themostbeautifulofourdays.eu\/de\/wp-json\/wp\/v2\/media\/699"}],"wp:attachment":[{"href":"https:\/\/www.themostbeautifulofourdays.eu\/de\/wp-json\/wp\/v2\/media?parent=621"}],"wp:term":[{"taxonomy":"category","embeddable":true,"href":"https:\/\/www.themostbeautifulofourdays.eu\/de\/wp-json\/wp\/v2\/categories?post=621"},{"taxonomy":"post_tag","embeddable":true,"href":"https:\/\/www.themostbeautifulofourdays.eu\/de\/wp-json\/wp\/v2\/tags?post=621"}],"curies":[{"name":"wp","href":"https:\/\/api.w.org\/{rel}","templated":true}]}}