{"id":625,"date":"2024-06-02T08:00:12","date_gmt":"2024-06-02T08:00:12","guid":{"rendered":"https:\/\/www.themostbeautifulofourdays.eu\/?p=625"},"modified":"2024-06-02T12:35:52","modified_gmt":"2024-06-02T12:35:52","slug":"the-most-beautiful-of-our-days-der-schonste-unserer-tage-2","status":"publish","type":"post","link":"https:\/\/www.themostbeautifulofourdays.eu\/de\/eventi\/the-most-beautiful-of-our-days-der-schonste-unserer-tage-2\/","title":{"rendered":"DER SCH\u00d6NSTE UNSERER TAGE: Eine Bildungsgeschichte aus Reggio Emilia"},"content":{"rendered":"<p>THE MOST BEAUTIFUL OF OUR DAYS \u2013 DER SCH\u00d6NSTE UNSERER TAGE <br>Eine Bildungsgeschichte aus Reggio Emilia<\/p>\n\n\n\n<p>Dienstag, 18.06.2024, 17 Uhr<br>Radio F.R.E.I., Gotthardtstrasse 21,&nbsp;<strong>Erfurt<\/strong><\/p>\n\n\n\n<p>Die Teilnahme ist kostenlos<\/p>\n\n\n\n<p>Reggio Emilia ist eine italienische Stadt in der Region Emilia-Romagna mit den \u201esch\u00f6nsten Krippen und Kinderg\u00e4rten der Welt\u201c. Doch wo hat die weltweit beachtete P\u00e4dagogik ihren Ursprung? Was hat sie mit dem Widerstand von Frauen gegen den italienischen Faschismus und die deutsche Besatzung in Italien zu tun? Antworten auf diese Fragen bietet ein Projekt, das wir in einer Veranstaltung vorstellen m\u00f6chten. Die Macher*innen berichten \u00fcber die Entstehung und wir wollen gemeinsam ins Gespr\u00e4ch kommen: \u00dcber progressive P\u00e4dagogik\nund \u00fcber das aktive Engagement von Frauen f\u00fcr demokratische und integrative Werte, das auch nach 80 Jahren nichts von seiner Bedeutung verloren hat.<\/p>\n\n\n\n<figure class=\"wp-block-image size-full\"><img loading=\"lazy\" decoding=\"async\" width=\"637\" height=\"873\" src=\"https:\/\/www.themostbeautifulofourdays.eu\/wp-content\/uploads\/2024\/06\/Sito_presentazioneGermania1.png\" alt=\"\" class=\"wp-image-622\" srcset=\"https:\/\/www.themostbeautifulofourdays.eu\/wp-content\/uploads\/2024\/06\/Sito_presentazioneGermania1.png 637w, https:\/\/www.themostbeautifulofourdays.eu\/wp-content\/uploads\/2024\/06\/Sito_presentazioneGermania1-219x300.png 219w, https:\/\/www.themostbeautifulofourdays.eu\/wp-content\/uploads\/2024\/06\/Sito_presentazioneGermania1-88x120.png 88w, https:\/\/www.themostbeautifulofourdays.eu\/wp-content\/uploads\/2024\/06\/Sito_presentazioneGermania1-9x12.png 9w\" sizes=\"auto, (max-width: 637px) 100vw, 637px\" \/><\/figure>","protected":false},"excerpt":{"rendered":"<p>Dienstag, 18.06.2024, 17 Uhr<br \/>\nRadio F.R.E.I., Gotthardtstra\u00dfe 21, Erfurt<\/p>\n<p>Die Teilnahme ist kostenlos<\/p>","protected":false},"author":2,"featured_media":623,"comment_status":"closed","ping_status":"closed","sticky":false,"template":"","format":"standard","meta":{"inline_featured_image":false,"footnotes":""},"categories":[22],"tags":[],"class_list":["post-625","post","type-post","status-publish","format-standard","has-post-thumbnail","hentry","category-eventi"],"_links":{"self":[{"href":"https:\/\/www.themostbeautifulofourdays.eu\/de\/wp-json\/wp\/v2\/posts\/625","targetHints":{"allow":["GET"]}}],"collection":[{"href":"https:\/\/www.themostbeautifulofourdays.eu\/de\/wp-json\/wp\/v2\/posts"}],"about":[{"href":"https:\/\/www.themostbeautifulofourdays.eu\/de\/wp-json\/wp\/v2\/types\/post"}],"author":[{"embeddable":true,"href":"https:\/\/www.themostbeautifulofourdays.eu\/de\/wp-json\/wp\/v2\/users\/2"}],"replies":[{"embeddable":true,"href":"https:\/\/www.themostbeautifulofourdays.eu\/de\/wp-json\/wp\/v2\/comments?post=625"}],"version-history":[{"count":4,"href":"https:\/\/www.themostbeautifulofourdays.eu\/de\/wp-json\/wp\/v2\/posts\/625\/revisions"}],"predecessor-version":[{"id":671,"href":"https:\/\/www.themostbeautifulofourdays.eu\/de\/wp-json\/wp\/v2\/posts\/625\/revisions\/671"}],"wp:featuredmedia":[{"embeddable":true,"href":"https:\/\/www.themostbeautifulofourdays.eu\/de\/wp-json\/wp\/v2\/media\/623"}],"wp:attachment":[{"href":"https:\/\/www.themostbeautifulofourdays.eu\/de\/wp-json\/wp\/v2\/media?parent=625"}],"wp:term":[{"taxonomy":"category","embeddable":true,"href":"https:\/\/www.themostbeautifulofourdays.eu\/de\/wp-json\/wp\/v2\/categories?post=625"},{"taxonomy":"post_tag","embeddable":true,"href":"https:\/\/www.themostbeautifulofourdays.eu\/de\/wp-json\/wp\/v2\/tags?post=625"}],"curies":[{"name":"wp","href":"https:\/\/api.w.org\/{rel}","templated":true}]}}