{"id":645,"date":"2024-06-02T08:26:23","date_gmt":"2024-06-02T08:26:23","guid":{"rendered":"https:\/\/www.themostbeautifulofourdays.eu\/?p=645"},"modified":"2024-06-14T06:28:03","modified_gmt":"2024-06-14T06:28:03","slug":"il-piu-bello-dei-nostri-giorni-presentazione-del-podcast-una-lunga-staffetta-19-06-2024-reggio-emilia","status":"publish","type":"post","link":"https:\/\/www.themostbeautifulofourdays.eu\/de\/eventi\/il-piu-bello-dei-nostri-giorni-presentazione-del-podcast-una-lunga-staffetta-19-06-2024-reggio-emilia\/","title":{"rendered":"Eine Bildungsgeschichte aus Reggio Emilia"},"content":{"rendered":"<p>THE MOST BEAUTIFUL OF OUR DAYS <br>Reggio-P\u00e4dagogik - Vom antifaschistischen Widerstand bis heute<\/p>\n\n\n\n<p><strong>Mittwoch, 19. Juni, 17.30 Uhr<\/strong><\/p>\n\n\n\n<p>\u201eTurchetti\u201c-Bibliothek des G. Garibaldi-Instituts f\u00fcr Blinde Via Raimondo Franchetti 7, Reggio Emilia<\/p>\n\n\n\n<p>WIR HABEN EINEN PODCAST GEMACHT!<\/p>\n\n\n\n<p>Ein langer Staffellauf. Von der R\u00e9sistance bis heute. Wie in Reggio Emilia die sch\u00f6nsten Vorschulen der Welt entstanden<\/p>\n\n\n\n<p>Aus einem europ\u00e4ischen Projekt zur Aufwertung der Geschichte der Bildungsdienstleistungen in der Region Reggio Emilia entstand ein Podcast, eine Audio-Geschichte in drei Episoden, die \u00fcber die gro\u00dfe Leidenschaft dieser Orte f\u00fcr Bildung, f\u00fcr Rechte und f\u00fcr eine zusammenhaltende Gemeinschaft spricht.<\/p>\n\n\n\n<p>Ein Kampf, der seit dem 19. Jahrhundert entstand und im 20. Jahrhundert vor allem von Frauen weitergef\u00fchrt wird, die durch Politik, Demonstrationen, Arbeit in Kinderg\u00e4rten und Kinderg\u00e4rten und den Glauben an Bildungsdienstleistungen eine andere Zukunft aufgebaut haben.<\/p>\n\n\n\n<p>Anschlie\u00dfend gibt es ein gem\u00fctliches Buffet zum gemeinsamen Gedankenaustausch!<\/p>\n\n\n\n<p>Im Rahmen des europ\u00e4ischen Projekts The Most Beautiful of Our Days, das von der Europ\u00e4ischen Kommission im Rahmen des CERV-Programms (Citizenship, Equality, Rights, Values) 2021 finanziert wird, wird eine lange Staffel erstellt.<\/p>\n\n\n\n<p>Info: a.salati@progettinfanzia.it<\/p>\n\n\n\n<figure class=\"wp-block-image size-full\"><img loading=\"lazy\" decoding=\"async\" width=\"597\" height=\"844\" src=\"https:\/\/www.themostbeautifulofourdays.eu\/wp-content\/uploads\/2024\/06\/Screenshot-2024-06-02-alle-10.25.34.png\" alt=\"\" class=\"wp-image-646\" srcset=\"https:\/\/www.themostbeautifulofourdays.eu\/wp-content\/uploads\/2024\/06\/Screenshot-2024-06-02-alle-10.25.34.png 597w, https:\/\/www.themostbeautifulofourdays.eu\/wp-content\/uploads\/2024\/06\/Screenshot-2024-06-02-alle-10.25.34-212x300.png 212w, https:\/\/www.themostbeautifulofourdays.eu\/wp-content\/uploads\/2024\/06\/Screenshot-2024-06-02-alle-10.25.34-85x120.png 85w, https:\/\/www.themostbeautifulofourdays.eu\/wp-content\/uploads\/2024\/06\/Screenshot-2024-06-02-alle-10.25.34-8x12.png 8w\" sizes=\"auto, (max-width: 597px) 100vw, 597px\" \/><\/figure>\n\n\n\n<figure class=\"wp-block-image size-full\"><img loading=\"lazy\" decoding=\"async\" width=\"594\" height=\"843\" src=\"https:\/\/www.themostbeautifulofourdays.eu\/wp-content\/uploads\/2024\/06\/Screenshot-2024-06-02-alle-10.25.44.png\" alt=\"\" class=\"wp-image-647\" srcset=\"https:\/\/www.themostbeautifulofourdays.eu\/wp-content\/uploads\/2024\/06\/Screenshot-2024-06-02-alle-10.25.44.png 594w, https:\/\/www.themostbeautifulofourdays.eu\/wp-content\/uploads\/2024\/06\/Screenshot-2024-06-02-alle-10.25.44-211x300.png 211w, https:\/\/www.themostbeautifulofourdays.eu\/wp-content\/uploads\/2024\/06\/Screenshot-2024-06-02-alle-10.25.44-85x120.png 85w, https:\/\/www.themostbeautifulofourdays.eu\/wp-content\/uploads\/2024\/06\/Screenshot-2024-06-02-alle-10.25.44-8x12.png 8w\" sizes=\"auto, (max-width: 594px) 100vw, 594px\" \/><\/figure>","protected":false},"excerpt":{"rendered":"<p>Mittwoch, 19. Juni, 17.30 Uhr<\/p>\n<p>\u201eTurchetti\u201c-Bibliothek des G. Garibaldi-Instituts f\u00fcr Blinde Via Raimondo Franchetti 7, Reggio Emilia<\/p>\n<p>WIR HABEN EINEN PODCAST GEMACHT!<\/p>","protected":false},"author":2,"featured_media":649,"comment_status":"closed","ping_status":"closed","sticky":false,"template":"","format":"standard","meta":{"inline_featured_image":false,"footnotes":""},"categories":[22],"tags":[],"class_list":["post-645","post","type-post","status-publish","format-standard","has-post-thumbnail","hentry","category-eventi"],"_links":{"self":[{"href":"https:\/\/www.themostbeautifulofourdays.eu\/de\/wp-json\/wp\/v2\/posts\/645","targetHints":{"allow":["GET"]}}],"collection":[{"href":"https:\/\/www.themostbeautifulofourdays.eu\/de\/wp-json\/wp\/v2\/posts"}],"about":[{"href":"https:\/\/www.themostbeautifulofourdays.eu\/de\/wp-json\/wp\/v2\/types\/post"}],"author":[{"embeddable":true,"href":"https:\/\/www.themostbeautifulofourdays.eu\/de\/wp-json\/wp\/v2\/users\/2"}],"replies":[{"embeddable":true,"href":"https:\/\/www.themostbeautifulofourdays.eu\/de\/wp-json\/wp\/v2\/comments?post=645"}],"version-history":[{"count":4,"href":"https:\/\/www.themostbeautifulofourdays.eu\/de\/wp-json\/wp\/v2\/posts\/645\/revisions"}],"predecessor-version":[{"id":704,"href":"https:\/\/www.themostbeautifulofourdays.eu\/de\/wp-json\/wp\/v2\/posts\/645\/revisions\/704"}],"wp:featuredmedia":[{"embeddable":true,"href":"https:\/\/www.themostbeautifulofourdays.eu\/de\/wp-json\/wp\/v2\/media\/649"}],"wp:attachment":[{"href":"https:\/\/www.themostbeautifulofourdays.eu\/de\/wp-json\/wp\/v2\/media?parent=645"}],"wp:term":[{"taxonomy":"category","embeddable":true,"href":"https:\/\/www.themostbeautifulofourdays.eu\/de\/wp-json\/wp\/v2\/categories?post=645"},{"taxonomy":"post_tag","embeddable":true,"href":"https:\/\/www.themostbeautifulofourdays.eu\/de\/wp-json\/wp\/v2\/tags?post=645"}],"curies":[{"name":"wp","href":"https:\/\/api.w.org\/{rel}","templated":true}]}}