{"id":705,"date":"2024-06-17T11:23:16","date_gmt":"2024-06-17T11:23:16","guid":{"rendered":"https:\/\/www.themostbeautifulofourdays.eu\/?p=705"},"modified":"2024-09-24T06:12:01","modified_gmt":"2024-09-24T06:12:01","slug":"una-lunga-staffetta-anche-a-teatro","status":"publish","type":"post","link":"https:\/\/www.themostbeautifulofourdays.eu\/de\/eventi\/una-lunga-staffetta-anche-a-teatro\/","title":{"rendered":"Onde Maestre: Una lunga staffetta anche a teatro"},"content":{"rendered":"<div class=\"wp-block-group alignwide is-vertical is-layout-flex wp-container-core-group-is-layout-fe9cc265 wp-block-group-is-layout-flex\">\n<p>Dal podcast al palcoscenico<\/p>\n\n\n\n<p>Grazie alla collaborazione con la Compagnia Teatrale MaMiM\u00f2 a settembre andr\u00e0 in scena lo spettacolo teatrale ispirato al <a href=\"https:\/\/www.themostbeautifulofourdays.eu\/de\/podcast\/\" data-type=\"page\" data-id=\"506\">podcast<em> Reggio-P\u00e4dagogik - Vom antifaschistischen Widerstand bis heute<\/em><\/a>.<\/p>\n\n\n\n<p><\/p>\n\n\n\n<p><strong>REPLICHE IN PROGRAMMA<\/strong>:<\/p>\n\n\n\n<p><\/p>\n<\/div>\n\n\n\n<div class=\"wp-block-group alignwide is-layout-constrained wp-container-core-group-is-layout-8adaa8bf wp-block-group-is-layout-constrained\" style=\"border-radius:0px;margin-top:0;margin-bottom:0;padding-top:var(--wp--preset--spacing--30);padding-right:var(--wp--preset--spacing--30);padding-bottom:var(--wp--preset--spacing--30);padding-left:var(--wp--preset--spacing--30)\">\n<h3 class=\"wp-block-heading alignwide has-primary-color has-text-color has-link-color wp-elements-bc9a23ba5068486dd6f7e064f6654482\" style=\"padding-top:0;padding-bottom:0\"><strong>Domenica 8 settembre<\/strong><\/h3>\n\n\n\n<h2 class=\"wp-block-heading alignwide has-secondary-color has-text-color has-link-color wp-elements-0bfe5acd5d79e5cd2d12016320a0f17c\" style=\"padding-top:0;padding-bottom:0\">Ore 18.00<br><strong>Novellara<\/strong>, Teatro Comunale Franco Tagliavini<\/h2>\n\n\n\n<div class=\"wp-block-group alignwide is-vertical is-layout-flex wp-container-core-group-is-layout-fe9cc265 wp-block-group-is-layout-flex\">\n<p>Piazzale Marconi 1, interno della Rocca<\/p>\n\n\n\n<p>Ingresso gratuito e senza prenotazione<\/p>\n<\/div>\n<\/div>\n\n\n\n<div class=\"wp-block-group alignwide is-layout-constrained wp-block-group-is-layout-constrained\">\n<h3 class=\"wp-block-heading alignwide has-primary-color has-text-color has-link-color wp-elements-eef98578f02a302716708636dd7539c0\"><strong>Mercoled\u00ec 11 settembre<\/strong><\/h3>\n\n\n\n<h2 class=\"wp-block-heading alignwide\">Ore  21.00<br><strong>Guastalla<\/strong>, Piazza Mazzini<\/h2>\n\n\n\n<div class=\"wp-block-group alignwide is-vertical is-layout-flex wp-container-core-group-is-layout-fe9cc265 wp-block-group-is-layout-flex\">\n<p>Rappresentazione all&#8217;aperto<\/p>\n\n\n\n<p>Ingresso gratuito e senza prenotazione<\/p>\n<\/div>\n<\/div>\n\n\n\n<div class=\"wp-block-group alignwide is-layout-constrained wp-block-group-is-layout-constrained\">\n<div class=\"wp-block-group alignwide is-layout-constrained wp-block-group-is-layout-constrained\">\n<h3 class=\"wp-block-heading alignwide has-primary-color has-text-color has-link-color wp-elements-0ee8d034ad76d78c6c017122f878c957\"><strong>Sabato 21 settembre <\/strong><\/h3>\n\n\n\n<h2 class=\"wp-block-heading alignwide\">Ore 19.00<br><strong>Reggio Emilia<\/strong>, Officine Creative Reggiane, <br>Via Gioia 4<\/h2>\n\n\n\n<div class=\"wp-block-group alignwide is-vertical is-layout-flex wp-container-core-group-is-layout-fe9cc265 wp-block-group-is-layout-flex\">\n<p>Ingresso gratuito, \u00e8 gradita a prenotazione<\/p>\n\n\n\n<p>Prenotazioni MaMiM\u00f2: 0522.383178 &#8211; <a href=\"mailto:biglietteria@mamimo.it\">biglietteria@mamimo.it<\/a><\/p>\n<\/div>\n<\/div>\n<\/div>\n\n\n\n<div class=\"wp-block-group alignwide is-layout-constrained wp-block-group-is-layout-constrained\">\n<div class=\"wp-block-group alignwide is-layout-constrained wp-block-group-is-layout-constrained\">\n<h3 class=\"wp-block-heading alignwide has-primary-color has-text-color has-link-color wp-elements-ea7c93fb263762e809a587c47b80cf89\"><strong>Sabato 28 settembre<\/strong><\/h3>\n\n\n\n<h2 class=\"wp-block-heading alignwide\">Ore 21.00<br><strong>Brescello<\/strong>, Teatro Comunale Gino Cervi, via fratelli Rosselli 4<\/h2>\n<\/div>\n<\/div>\n\n\n\n<div class=\"wp-block-group alignwide is-vertical is-layout-flex wp-container-core-group-is-layout-fe9cc265 wp-block-group-is-layout-flex\">\n<p>Nel 1991 Reggio Emilia viene indicata da Newsweek, uno dei pi\u00f9 importanti magazine americani, la citt\u00e0 pi\u00f9 innovativa del mondo in merito alle scuole per l\u2019infanzia. Il territorio di Reggio Emilia diventa il modello educativo a cui guardare.<br>Ma come \u00e8 stato possibile, per una piccola provincia italiana, arrivare ad ottenere un riconoscimento cos\u00ec prestigioso, che ha poi portato questo approccio educativo a essere studiato in tutto il mondo? Come spesso accade, basta poco: un sasso lanciato in uno stagno, e il coraggio di vederlo toccare il fondo. Quel sasso sono le voci di tante donne reggiane che hanno saputo immaginare un mondo diverso sporcandosi le mani per costruire scuole in tutta la provincia.<\/p>\n\n\n\n<p><em>Per agire \u00e8 necessario vedere le possibilit\u00e0, ma come ci si allena per farlo? Siamo ancora in grado di immaginare? Per parlare di diritti, di libert\u00e0, di emancipazione femminile e di educazione, abbiamo deciso di giocare a essere bambini. In uno spettacolo di narrazione, la storia con la \u201cs\u201d maiuscola, si inserisce in una giornata tipo all\u2019interno di una scuola dell\u2019infanzia. Due bambini e una bambina, con un baule pieno di materiali di recupero, costruiranno e trasformeranno lo spazio e la loro identit\u00e0.<\/em><\/p>\n\n\n\n<p>Una creazione collettiva di e con Riccardi Bursi, Francesco Garuti, Maria Francesca Rossi,<br>Francesco Zanlungo<br>Drammaturgia sonora Riccardo Bursi.<br>Materiali e oggetti di scena reperiti presso il \u201cCentro di riciclaggio creativo Re Mida&#8221;.<br>Produzione Centro Teatrale MaMiM\u00f2 ispirata al podcast \u201cUna lunga steffetta\u201d realizzato all&#8217;interno del progetto europeo <em><strong>The Most Beautiful Of Our Days<\/strong><\/em> (CERV-2021-CITIZENS-REM) realizzato da <strong>Progettinfanzia Bassa Reggiana<\/strong>, <strong>Istoreco<\/strong>, <strong>DGB Bildungswerk Hessen<\/strong> di Francoforte.<\/p>\n\n\n\n<p><br><strong>Per info: <a href=\"mailto:alexia.salati@progettinfanzia.it\">alexia.salati@progettinfanzia.it<\/a><\/strong><\/p>\n<\/div>\n\n\n\n<div class=\"wp-block-group alignwide is-content-justification-center is-nowrap is-layout-flex wp-container-core-group-is-layout-23441af8 wp-block-group-is-layout-flex\">\n<figure class=\"wp-block-image size-large is-resized\"><img loading=\"lazy\" decoding=\"async\" width=\"725\" height=\"1024\" src=\"https:\/\/www.themostbeautifulofourdays.eu\/wp-content\/uploads\/2024\/06\/generale-fronte-725x1024.png\" alt=\"\" class=\"wp-image-742\" style=\"width:400px\" srcset=\"\" sizes=\"auto, (max-width: 725px) 100vw, 725px\" data-srcset=\"\" \/><\/figure>\n\n\n\n<figure class=\"wp-block-image size-full is-resized\"><img loading=\"lazy\" decoding=\"async\" width=\"651\" height=\"909\" src=\"https:\/\/www.themostbeautifulofourdays.eu\/wp-content\/uploads\/2024\/06\/retro.png\" alt=\"\" class=\"wp-image-753\" style=\"width:400px\" srcset=\"https:\/\/www.themostbeautifulofourdays.eu\/wp-content\/uploads\/2024\/06\/retro.png 651w, https:\/\/www.themostbeautifulofourdays.eu\/wp-content\/uploads\/2024\/06\/retro-215x300.png 215w, https:\/\/www.themostbeautifulofourdays.eu\/wp-content\/uploads\/2024\/06\/retro-86x120.png 86w, https:\/\/www.themostbeautifulofourdays.eu\/wp-content\/uploads\/2024\/06\/retro-9x12.png 9w\" sizes=\"auto, (max-width: 651px) 100vw, 651px\" \/><\/figure>\n<\/div>","protected":false},"excerpt":{"rendered":"<p>Dal podcast al palcoscenico<\/p>\n<p>Grazie alla collaborazione con la Compagnia Teatrale MaMiM\u00f2 a settembre andr\u00e0 in scena lo spettacolo teatrale ispirato al podcast Una lunga staffetta.<\/p>","protected":false},"author":2,"featured_media":715,"comment_status":"closed","ping_status":"closed","sticky":false,"template":"","format":"standard","meta":{"inline_featured_image":false,"footnotes":""},"categories":[22],"tags":[],"class_list":["post-705","post","type-post","status-publish","format-standard","has-post-thumbnail","hentry","category-eventi"],"_links":{"self":[{"href":"https:\/\/www.themostbeautifulofourdays.eu\/de\/wp-json\/wp\/v2\/posts\/705","targetHints":{"allow":["GET"]}}],"collection":[{"href":"https:\/\/www.themostbeautifulofourdays.eu\/de\/wp-json\/wp\/v2\/posts"}],"about":[{"href":"https:\/\/www.themostbeautifulofourdays.eu\/de\/wp-json\/wp\/v2\/types\/post"}],"author":[{"embeddable":true,"href":"https:\/\/www.themostbeautifulofourdays.eu\/de\/wp-json\/wp\/v2\/users\/2"}],"replies":[{"embeddable":true,"href":"https:\/\/www.themostbeautifulofourdays.eu\/de\/wp-json\/wp\/v2\/comments?post=705"}],"version-history":[{"count":15,"href":"https:\/\/www.themostbeautifulofourdays.eu\/de\/wp-json\/wp\/v2\/posts\/705\/revisions"}],"predecessor-version":[{"id":766,"href":"https:\/\/www.themostbeautifulofourdays.eu\/de\/wp-json\/wp\/v2\/posts\/705\/revisions\/766"}],"wp:featuredmedia":[{"embeddable":true,"href":"https:\/\/www.themostbeautifulofourdays.eu\/de\/wp-json\/wp\/v2\/media\/715"}],"wp:attachment":[{"href":"https:\/\/www.themostbeautifulofourdays.eu\/de\/wp-json\/wp\/v2\/media?parent=705"}],"wp:term":[{"taxonomy":"category","embeddable":true,"href":"https:\/\/www.themostbeautifulofourdays.eu\/de\/wp-json\/wp\/v2\/categories?post=705"},{"taxonomy":"post_tag","embeddable":true,"href":"https:\/\/www.themostbeautifulofourdays.eu\/de\/wp-json\/wp\/v2\/tags?post=705"}],"curies":[{"name":"wp","href":"https:\/\/api.w.org\/{rel}","templated":true}]}}